{"id":1609,"date":"2020-04-07T16:56:14","date_gmt":"2020-04-07T16:56:14","guid":{"rendered":"http:\/\/www.economiaapiedecalle.com\/wordpress\/?p=1609"},"modified":"2020-04-17T08:47:31","modified_gmt":"2020-04-17T08:47:31","slug":"salvar-la-vida-fortaleciendo-el-futuro-salvar-la-union-europea-es-el-mensaje-de-la-declaracion-de-economistas-frente-a-la-crisis-efc-ante-los-efectos-del-covid-19-y-las-posiciones-encont","status":"publish","type":"post","link":"http:\/\/www.economiaapiedecalle.com\/wordpress\/?p=1609","title":{"rendered":"Salvar la vida fortaleciendo el futuro"},"content":{"rendered":"<p><strong>Salvar la Uni\u00f3n Europea<\/strong>, es el mensaje de la <strong><em>declaraci\u00f3n <\/em><\/strong><strong><em>de Economistas Frente a la Crisis (EFC) ante los efectos del Covid-19 y las posiciones encontradas en el seno de la UE,<\/em><\/strong> especialmente con las prevenciones de Alemania y Holanda que est\u00e1n llevando a la Uni\u00f3n Europea al borde del abismo. Cuando parec\u00eda que se hab\u00eda aprendido la lecci\u00f3n de los efectos negativos de la Gran Recesi\u00f3n, los socios europeos est\u00e1n poniendo palos en las ruedas. Estamos en las discrepancias entre los pa\u00edses con reservas y medios y los pa\u00edses del sur que arrastramos unos grandes d\u00e9ficit de medios en nuestras econom\u00edas y en cuanto viene la m\u00e1s m\u00ednima situaci\u00f3n de adversidad nos complica y mucho la vida. Ahora la locomotora europea pretende dejarnos en una v\u00eda muerta<\/p>\n<p>Hay quien piense que tienen su parte de raz\u00f3n, olvidando que la falta de visi\u00f3n en las medidas de la crisis sufrida en el 2008, puso en evidencia lo nefasto que fueron, por sus resultados tan negativos, las medidas impuestas por los recortes. As\u00ed lo han reconocido el FMI y otros Organismos internacionales analizando los efectos econ\u00f3mico-sociales de la Gran Crisis.<\/p>\n<p>Alemania avanz\u00f3. Pero la periferia europea qued\u00f3 noqueada. Antes, Estados Unidos, en los a\u00f1os treinta, s\u00ed hab\u00eda demostrado haber aprendido la lecci\u00f3n del Crac del 29, y rompi\u00f3 con una ortodoxia econ\u00f3mica asfixiante. Pero la escol\u00e1stica regres\u00f3 para templar los \u00e1nimos de los que ve\u00edan las ideas de Keynes como los ni\u00f1os temen al lobo. Hab\u00eda que volver al cuento original, el que se abri\u00f3 en los a\u00f1os 1980 con la revoluci\u00f3n conservadora, la era neoliberal, con los mercados como instituciones sacrosantas. Una nueva teolog\u00eda econ\u00f3mica.<\/p>\n<p><a href=\"http:\/\/www.economiaapiedecalle.com\/wordpress\/wp-content\/uploads\/2014\/05\/Europa-de-los-ciudadanos.jpg\" rel=\"attachment wp-att-1140\"><img loading=\"lazy\" decoding=\"async\" class=\"aligncenter size-full wp-image-1140\" src=\"http:\/\/www.economiaapiedecalle.com\/wordpress\/wp-content\/uploads\/2014\/05\/Europa-de-los-ciudadanos.jpg\" alt=\"Europa de los ciudadanos\" width=\"225\" height=\"225\" srcset=\"http:\/\/www.economiaapiedecalle.com\/wordpress\/wp-content\/uploads\/2014\/05\/Europa-de-los-ciudadanos.jpg 225w, http:\/\/www.economiaapiedecalle.com\/wordpress\/wp-content\/uploads\/2014\/05\/Europa-de-los-ciudadanos-150x150.jpg 150w\" sizes=\"auto, (max-width: 225px) 100vw, 225px\" \/><\/a><\/p>\n<p><strong>El manifiesto de EFC<\/strong> dice bien claro que en Espa\u00f1a, los recortes en el gasto p\u00fablico, con ajustes muchas veces draconianos en el \u00e1mbito de la salud, se han puesto en evidencia en el curso de la crisis del coronavirus. A pesar de que no es el momento para lanzar responsabilidades, no cabe duda que ante la cantidad de tergiversaciones, mentiras y difamaciones que se est\u00e1n prodigando en algunos medios de comunicaci\u00f3n y en las redes sociales, los datos deben imperar de nuevo. Datos contrastados, de consulta p\u00fablica, datos asequibles que demuestran que los enormes recortes que se realizaron en Espa\u00f1a, en el campo sanitario, fueron protagonizados por gobiernos de un determinado perfil ideol\u00f3gico: el conservador. Porque la econom\u00eda, esa ciencia l\u00fagubre, acaba siendo ideolog\u00eda, y \u00e9sta pesa mucho en las decisiones econ\u00f3micas.<\/p>\n<p><!--more--><\/p>\n<p>Es bueno recordar, seg\u00fan <strong>EFC,<\/strong> que fueron los gobiernos socialdem\u00f3cratas los que consiguieron los grandes cambios sociales a partir de la Segunda Guerra Mundial. El crecimiento del Estado social europeo se debe, esencialmente, al planteamiento de gobiernos que adoptaron la fiscalidad progresiva como una herramienta b\u00e1sica, y que enfatizaron la necesidad de que los m\u00e1s ricos pagaran m\u00e1s impuestos sobre renta, sobre sociedades y sobre patrimonio. Tres vectores que, de nuevo, y en tiempos dram\u00e1ticos de crisis, voces de la derecha tratan de desactivar, con el argumento de siempre: el dinero debe estar en los bolsillos de la gente. Un aserto simple. Pero falaz. A la hora de las convulsiones, de nuevo, una vez m\u00e1s, se requiere la presencia del Estado social en todas sus vertientes y posibilidades. Entonces, todo hace pensar que las costuras de la econom\u00eda encapsulada se van a romper, y la cordura de una recuperaci\u00f3n colectiva proliferar\u00e1. \u00bfIn\u00fatil presagio?<\/p>\n<p>La vieja econom\u00eda se resiste a perecer. Todav\u00eda tiene recorrido: palestras, c\u00e1tedras bien financiadas,\u00a0<em>think tanks<\/em>\u00a0generosamente dotados. En algunas fases, pareciera que se reconsideran los preceptos que rigen esta disciplina. Pero no: vuelven siempre los profetas de la estabilidad presupuestaria y del equilibrio entre oferta y demanda para exigir nuevos aquelarres. Es lo que est\u00e1n haciendo, ahora mismo, los representantes de Alemania y Holanda: sus super\u00e1vits, cuyo origen no es ajeno al endeudamiento del resto de los pa\u00edses de Europa, se arguyen como el resultado de buenas gestiones, frente a pretendidos despilfarros de la Europa m\u00e1s perif\u00e9rica. Una Europa que ha tenido que ajustar al m\u00e1ximo sus econom\u00edas p\u00fablicas \u2013y recortar partes sensibles del Estado del Bienestar\u2013 para sostener su endeudamiento, privados y p\u00fablicos, con los sistemas financieros de la Europa m\u00e1s rica. Una paradoja.<\/p>\n<p>\u00bfA qu\u00e9 tienen miedo los dirigentes de esa Europa insolidaria, encerrada en sus fronteras nacionales?<\/p>\n<p>Dig\u00e1moslo claro nos dice <strong>EFC<\/strong>: <u>todo el proyecto europeo puede descarrilar si no se admiten soluciones de mutualizaci\u00f3n, de complicidad inter-europea<\/u>. Todo con una espoleta clara: la activaci\u00f3n del gasto p\u00fablico, la intervenci\u00f3n del Estado en la econom\u00eda,\u00a0<em>\u201ca gran escala en el modo de producci\u00f3n\u00a0y distribuci\u00f3n de bienes y servicios, de una magnitud que supere con creces incluso a la de la movilizaci\u00f3n para la Segunda Guerra Mundial\u201d.<\/em>\u00a0Esto escribe el Premio Nobel de Econom\u00eda 2006 Edward Phelps \u2013nada sospechoso por cierto\u2013, junto a Roman Frydman. No son los \u00fanicos que subrayan esto: existe ya una legi\u00f3n de economistas y de otros cient\u00edficos sociales que est\u00e1n reclamando mayor agresividad, en el mejor sentido del t\u00e9rmino, de los gobiernos y de las instituciones supranacionales para salvar la Uni\u00f3n Europea. Se nos habla de \u201ceconom\u00eda de guerra\u201d, y se act\u00faa como si nos enfrent\u00e1ramos a una crisis digamos que m\u00e1s superficial, parecida a la de 1987, con recuperaciones fulgurantes.<\/p>\n<p>Pero estamos en otro escenario, en otra tipolog\u00eda de crisis: \u00e9sta ha paralizado m\u00e1s del 70 por ciento del sistema productivo en muchos pa\u00edses \u2013lo que no se hab\u00eda visto antes\u2013, de forma que las medidas que es necesario aplicar no pueden ser analg\u00e9sicos elementales. Nuestros enfermos econ\u00f3micos \u2013y las econom\u00edas de la Uni\u00f3n lo est\u00e1n en estos momentos\u2013 urgen transfusiones de sangre, de discursos que generen confianza, que minoren la incertidumbre, no el diferimiento de las decisiones a quince d\u00edas m\u00e1s. \u00a1Dos semanas m\u00e1s para tomar una decisi\u00f3n contundente, ante el estupor de la mayor parte de la poblaci\u00f3n!<\/p>\n<p>El verdadero virus social est\u00e1 siendo el ascenso de la ultraderecha en Europa, que puede estar condicionando las hojas de ruta de algunos pa\u00edses: Alemania y Holanda, por ejemplo. El miedo electoral aparece, de forma miserable, en un contexto en el que ese miedo deber\u00eda ser superado: para desarmar al coronavirus, para amortiguar el avance populista ultra-conservador. Para recuperar la Uni\u00f3n Europea.<\/p>\n<p><strong>\u00a0\u00a0\u00a0\u00a0\u00a0\u00a0\u00a0\u00a0\u00a0Las conclusiones<\/strong> del manifiesto de EFC son muy claras:\u00a0<em>Si esto no se solventa de manera razonable \u2013y lo razonable no es contener la maquinaria de la recuperaci\u00f3n, e incurrir en las recetas de siempre\u2013 nadie deber\u00e1 sorprenderse que los discursos europe\u00edstas decaigan<\/em>. Por inoperantes. <strong>Es la hora de pasar de la fraseolog\u00eda hueca a la acci\u00f3n expeditiva<\/strong>. Activemos el optimismo de la voluntad. Pero, junto a \u00e9l, los l\u00edderes europeos deben espolear el galope de la recuperaci\u00f3n. Los resortes est\u00e1n<strong>, las instituciones tambi\u00e9n. Las experiencias recorridas aleccionan. Falta la voluntad expl\u00edcita, que ya no puede ser s\u00f3lo optimista, sino ejecutiva, tangible, realista. Para salvar la Uni\u00f3n Europea.<\/strong><\/p>\n<p><strong>\u00a0<\/strong><\/p>\n<p><strong>\u00a0<\/strong><\/p>\n<p><strong>\u00a0<\/strong><strong>Este es un resumen del manifiesto de EFC que firma su equipo directivo:<\/strong><\/p>\n<p><strong>\u00a0<\/strong><\/p>\n<ul>\n<li>Jorge Fabra Utray, Economista y Doctor en Derecho<\/li>\n<li>Cecilia Casta\u00f1o Collado, Catedr\u00e1tica de Econom\u00eda Aplicada<\/li>\n<li>Antonio Gonz\u00e1lez Gonz\u00e1lez, Economista, Consejero en el CES<\/li>\n<li>Alfonso Prieto Prieto, Economista<\/li>\n<li>Jos\u00e9 Antonio Rodrigo Rodrigo, Economista<\/li>\n<li>M\u00f3nica Melle Hern\u00e1ndez, Profesora Titular de Econom\u00eda<\/li>\n<li>Alberto del Pozo Sen, Economista<\/li>\n<li>Vocales:<\/li>\n<\/ul>\n<ul>\n<li>Emili Ferrer Ingl\u00e9s (Coordinador de Economistes d\u2019Avant la Crisi EFC\/Catalu\u00f1a) Economista<\/li>\n<li>Ruth Rubio Mar\u00edn (Coordinadora de EFC \/ Andaluc\u00eda) Jurista, Catedr\u00e1tica de Derecho Constitucional<\/li>\n<li>Fernando Rodrigo Cecilio (Coordinador de EFC \/ Valencia) Economista<\/li>\n<li>Carles Manera Erbina (Coordinador de EFC\/Islas Baleares) Catedr\u00e1tico de Historia Econ\u00f3mica<\/li>\n<li>Jos\u00e9 Molina Molina (Coordinador de EFC \/ Regi\u00f3n de Murcia) Doctor en Econom\u00eda y Soci\u00f3logo<\/li>\n<li>Juan Ignacio Bartolom\u00e9 Gironella, Economista<\/li>\n<li>Julio Rodr\u00edguez L\u00f3pez, Doctor en Econom\u00eda y Facultativo Estad\u00edstico<\/li>\n<li>Ignacio Muro Benayas, Economista<\/li>\n<li>Cristina Narbona Ruiz, Doctora en Econom\u00eda por la Universidad de Roma<\/li>\n<li>Jos\u00e9 Ignacio P\u00e9rez Infante, Economista<\/li>\n<li>Jos\u00e9 Mois\u00e9s Mart\u00edn Carretero, Economista<\/li>\n<li>Lina Galvez Mu\u00f1oz, Economista, Catedr\u00e1tica de Historia Econ\u00f3mica<\/li>\n<li>Jorge Fabra Portela, Economista. T\u00e9cnico Comercial y Economista y del Estado<\/li>\n<li>Mauro Lozano Belda, Economista<\/li>\n<li>Marta Flich, Economista y actriz<\/li>\n<li>Borja Suarez Corujo. Jurista, Profesor Titular de Derecho del Trabajo<\/li>\n<li>Mariano Nava Calvo, Economista<\/li>\n<li>Purificaci\u00f3n Esteso Ruiz, Doctora en Econom\u00eda. Inspectora de Finanzas del Estado<\/li>\n<li>Gerardo Novales Montaner, Ingeniero Industrial y Economista<\/li>\n<li>Amparo Gonz\u00e1lez Ferrer, Doctora en Sociolog\u00eda<\/li>\n<li>Juan Antonio Fernandez Cord\u00f3n, Dem\u00f3grafo. Doctor en Econom\u00eda.<\/li>\n<li>Juan Torres L\u00f3pez, Catedr\u00e1tico de Econom\u00eda Aplicada<\/li>\n<li>Sara Ladra Alvarez, Economista<\/li>\n<li>Fernando de Miguel L\u00e1zaro, Economista<\/li>\n<li>Bibiana Medialdea Garc\u00eda. Profesora Titular de Econom\u00ed<\/li>\n<\/ul>\n<p><strong>El manifiesto completo en el siguiente enlace:<\/strong> <a href=\"https:\/\/economistasfrentealacrisis.com\/salvar-la-union-europea\/\">https:\/\/economistasfrentealacrisis.com\/salvar-la-union-europea\/<\/a><\/p>\n<p><strong>Salvar la Uni\u00f3n Europea<\/strong>, es el mensaje de la <strong><em>declaraci\u00f3n <\/em><\/strong><strong><em>de Economistas Frente a la Crisis (EFC) ante los efectos del Covid-19 y las posiciones encontradas en el seno de la UE,<\/em><\/strong> especialmente con las prevenciones de Alemania y Holanda que est\u00e1n llevando a la Uni\u00f3n Europea al borde del abismo. Cuando parec\u00eda que se hab\u00eda aprendido la lecci\u00f3n de los efectos negativos de la Gran Recesi\u00f3n, los socios europeos est\u00e1n poniendo palos en las ruedas. Estamos en las discrepancias entre los pa\u00edses con reservas y medios y los pa\u00edses del sur que arrastramos unos grandes d\u00e9ficit de medios en nuestras econom\u00edas y en cuanto viene la m\u00e1s m\u00ednima situaci\u00f3n de adversidad nos complica y mucho la vida. Ahora la locomotora europea pretende dejarnos en una v\u00eda muerta<\/p>\n<p>Hay quien piense que tienen su parte de raz\u00f3n, olvidando que la falta de visi\u00f3n en las medidas de la crisis sufrida en el 2008, puso en evidencia lo nefasto que fueron, por sus resultados tan negativos, las medidas impuestas por los recortes. As\u00ed lo han reconocido el FMI y otros Organismos internacionales analizando los efectos econ\u00f3mico-sociales de la Gran Crisis.<\/p>\n<p>Alemania avanz\u00f3. Pero la periferia europea qued\u00f3 noqueada. Antes, Estados Unidos, en los a\u00f1os treinta, s\u00ed hab\u00eda demostrado haber aprendido la lecci\u00f3n del Crac del 29, y rompi\u00f3 con una ortodoxia econ\u00f3mica asfixiante. Pero la escol\u00e1stica regres\u00f3 para templar los \u00e1nimos de los que ve\u00edan las ideas de Keynes como los ni\u00f1os temen al lobo. Hab\u00eda que volver al cuento original, el que se abri\u00f3 en los a\u00f1os 1980 con la revoluci\u00f3n conservadora, la era neoliberal, con los mercados como instituciones sacrosantas. Una nueva teolog\u00eda econ\u00f3mica.<\/p>\n<p><strong>El manifiesto de EFC<\/strong> dice bien claro que en Espa\u00f1a, los recortes en el gasto p\u00fablico, con ajustes muchas veces draconianos en el \u00e1mbito de la salud, se han puesto en evidencia en el curso de la crisis del coronavirus. A pesar de que no es el momento para lanzar responsabilidades, no cabe duda que ante la cantidad de tergiversaciones, mentiras y difamaciones que se est\u00e1n prodigando en algunos medios de comunicaci\u00f3n y en las redes sociales, los datos deben imperar de nuevo. Datos contrastados, de consulta p\u00fablica, datos asequibles que demuestran que los enormes recortes que se realizaron en Espa\u00f1a, en el campo sanitario, fueron protagonizados por gobiernos de un determinado perfil ideol\u00f3gico: el conservador. Porque la econom\u00eda, esa ciencia l\u00fagubre, acaba siendo ideolog\u00eda, y \u00e9sta pesa mucho en las decisiones econ\u00f3micas.<\/p>\n<p>Es bueno recordar, seg\u00fan <strong>EFC,<\/strong> que fueron los gobiernos socialdem\u00f3cratas los que consiguieron los grandes cambios sociales a partir de la Segunda Guerra Mundial. El crecimiento del Estado social europeo se debe, esencialmente, al planteamiento de gobiernos que adoptaron la fiscalidad progresiva como una herramienta b\u00e1sica, y que enfatizaron la necesidad de que los m\u00e1s ricos pagaran m\u00e1s impuestos sobre renta, sobre sociedades y sobre patrimonio. Tres vectores que, de nuevo, y en tiempos dram\u00e1ticos de crisis, voces de la derecha tratan de desactivar, con el argumento de siempre: el dinero debe estar en los bolsillos de la gente. Un aserto simple. Pero falaz. A la hora de las convulsiones, de nuevo, una vez m\u00e1s, se requiere la presencia del Estado social en todas sus vertientes y posibilidades. Entonces, todo hace pensar que las costuras de la econom\u00eda encapsulada se van a romper, y la cordura de una recuperaci\u00f3n colectiva proliferar\u00e1. \u00bfIn\u00fatil presagio?<\/p>\n<p>La vieja econom\u00eda se resiste a perecer. Todav\u00eda tiene recorrido: palestras, c\u00e1tedras bien financiadas,\u00a0<em>think tanks<\/em>\u00a0generosamente dotados. En algunas fases, pareciera que se reconsideran los preceptos que rigen esta disciplina. Pero no: vuelven siempre los profetas de la estabilidad presupuestaria y del equilibrio entre oferta y demanda para exigir nuevos aquelarres. Es lo que est\u00e1n haciendo, ahora mismo, los representantes de Alemania y Holanda: sus super\u00e1vits, cuyo origen no es ajeno al endeudamiento del resto de los pa\u00edses de Europa, se arguyen como el resultado de buenas gestiones, frente a pretendidos despilfarros de la Europa m\u00e1s perif\u00e9rica. Una Europa que ha tenido que ajustar al m\u00e1ximo sus econom\u00edas p\u00fablicas \u2013y recortar partes sensibles del Estado del Bienestar\u2013 para sostener su endeudamiento, privados y p\u00fablicos, con los sistemas financieros de la Europa m\u00e1s rica. Una paradoja.<\/p>\n<p>\u00bfA qu\u00e9 tienen miedo los dirigentes de esa Europa insolidaria, encerrada en sus fronteras nacionales?<\/p>\n<p>Dig\u00e1moslo claro nos dice <strong>EFC<\/strong>: <u>todo el proyecto europeo puede descarrilar si no se admiten soluciones de mutualizaci\u00f3n, de complicidad inter-europea<\/u>. Todo con una espoleta clara: la activaci\u00f3n del gasto p\u00fablico, la intervenci\u00f3n del Estado en la econom\u00eda,\u00a0<em>\u201ca gran escala en el modo de producci\u00f3n\u00a0y distribuci\u00f3n de bienes y servicios, de una magnitud que supere con creces incluso a la de la movilizaci\u00f3n para la Segunda Guerra Mundial\u201d.<\/em>\u00a0Esto escribe el Premio Nobel de Econom\u00eda 2006 Edward Phelps \u2013nada sospechoso por cierto\u2013, junto a Roman Frydman. No son los \u00fanicos que subrayan esto: existe ya una legi\u00f3n de economistas y de otros cient\u00edficos sociales que est\u00e1n reclamando mayor agresividad, en el mejor sentido del t\u00e9rmino, de los gobiernos y de las instituciones supranacionales para salvar la Uni\u00f3n Europea. Se nos habla de \u201ceconom\u00eda de guerra\u201d, y se act\u00faa como si nos enfrent\u00e1ramos a una crisis digamos que m\u00e1s superficial, parecida a la de 1987, con recuperaciones fulgurantes.<\/p>\n<p>Pero estamos en otro escenario, en otra tipolog\u00eda de crisis: \u00e9sta ha paralizado m\u00e1s del 70 por ciento del sistema productivo en muchos pa\u00edses \u2013lo que no se hab\u00eda visto antes\u2013, de forma que las medidas que es necesario aplicar no pueden ser analg\u00e9sicos elementales. Nuestros enfermos econ\u00f3micos \u2013y las econom\u00edas de la Uni\u00f3n lo est\u00e1n en estos momentos\u2013 urgen transfusiones de sangre, de discursos que generen confianza, que minoren la incertidumbre, no el diferimiento de las decisiones a quince d\u00edas m\u00e1s. \u00a1Dos semanas m\u00e1s para tomar una decisi\u00f3n contundente, ante el estupor de la mayor parte de la poblaci\u00f3n!<\/p>\n<p>El verdadero virus social est\u00e1 siendo el ascenso de la ultraderecha en Europa, que puede estar condicionando las hojas de ruta de algunos pa\u00edses: Alemania y Holanda, por ejemplo. El miedo electoral aparece, de forma miserable, en un contexto en el que ese miedo deber\u00eda ser superado: para desarmar al coronavirus, para amortiguar el avance populista ultra-conservador. Para recuperar la Uni\u00f3n Europea.<\/p>\n<p><strong>\u00a0\u00a0\u00a0\u00a0\u00a0\u00a0\u00a0\u00a0\u00a0Las conclusiones<\/strong> del manifiesto de EFC son muy claras:\u00a0<em>Si esto no se solventa de manera razonable \u2013y lo razonable no es contener la maquinaria de la recuperaci\u00f3n, e incurrir en las recetas de siempre\u2013 nadie deber\u00e1 sorprenderse que los discursos europe\u00edstas decaigan<\/em>. Por inoperantes. <strong>Es la hora de pasar de la fraseolog\u00eda hueca a la acci\u00f3n expeditiva<\/strong>. Activemos el optimismo de la voluntad. Pero, junto a \u00e9l, los l\u00edderes europeos deben espolear el galope de la recuperaci\u00f3n. Los resortes est\u00e1n<strong>, las instituciones tambi\u00e9n. Las experiencias recorridas aleccionan. Falta la voluntad expl\u00edcita, que ya no puede ser s\u00f3lo optimista, sino ejecutiva, tangible, realista. Para salvar la Uni\u00f3n Europea.<\/strong><\/p>\n<p><strong>\u00a0<\/strong><\/p>\n<p><strong>\u00a0<\/strong><\/p>\n<p><strong>\u00a0<\/strong><strong>Este es un resumen del manifiesto de EFC que firma su equipo directivo:<\/strong><\/p>\n<p><strong>\u00a0<\/strong><\/p>\n<ul>\n<li>Jorge Fabra Utray, Economista y Doctor en Derecho<\/li>\n<li>Cecilia Casta\u00f1o Collado, Catedr\u00e1tica de Econom\u00eda Aplicada<\/li>\n<li>Antonio Gonz\u00e1lez Gonz\u00e1lez, Economista, Consejero en el CES<\/li>\n<li>Alfonso Prieto Prieto, Economista<\/li>\n<li>Jos\u00e9 Antonio Rodrigo Rodrigo, Economista<\/li>\n<li>M\u00f3nica Melle Hern\u00e1ndez, Profesora Titular de Econom\u00eda<\/li>\n<li>Alberto del Pozo Sen, Economista<\/li>\n<li>Vocales:<\/li>\n<\/ul>\n<ul>\n<li>Emili Ferrer Ingl\u00e9s (Coordinador de Economistes d\u2019Avant la Crisi EFC\/Catalu\u00f1a) Economista<\/li>\n<li>Ruth Rubio Mar\u00edn (Coordinadora de EFC \/ Andaluc\u00eda) Jurista, Catedr\u00e1tica de Derecho Constitucional<\/li>\n<li>Fernando Rodrigo Cecilio (Coordinador de EFC \/ Valencia) Economista<\/li>\n<li>Carles Manera Erbina (Coordinador de EFC\/Islas Baleares) Catedr\u00e1tico de Historia Econ\u00f3mica<\/li>\n<li>Jos\u00e9 Molina Molina (Coordinador de EFC \/ Regi\u00f3n de Murcia) Doctor en Econom\u00eda y Soci\u00f3logo<\/li>\n<li>Juan Ignacio Bartolom\u00e9 Gironella, Economista<\/li>\n<li>Julio Rodr\u00edguez L\u00f3pez, Doctor en Econom\u00eda y Facultativo Estad\u00edstico<\/li>\n<li>Ignacio Muro Benayas, Economista<\/li>\n<li>Cristina Narbona Ruiz, Doctora en Econom\u00eda por la Universidad de Roma<\/li>\n<li>Jos\u00e9 Ignacio P\u00e9rez Infante, Economista<\/li>\n<li>Jos\u00e9 Mois\u00e9s Mart\u00edn Carretero, Economista<\/li>\n<li>Lina Galvez Mu\u00f1oz, Economista, Catedr\u00e1tica de Historia Econ\u00f3mica<\/li>\n<li>Jorge Fabra Portela, Economista. T\u00e9cnico Comercial y Economista y del Estado<\/li>\n<li>Mauro Lozano Belda, Economista<\/li>\n<li>Marta Flich, Economista y actriz<\/li>\n<li>Borja Suarez Corujo. Jurista, Profesor Titular de Derecho del Trabajo<\/li>\n<li>Mariano Nava Calvo, Economista<\/li>\n<li>Purificaci\u00f3n Esteso Ruiz, Doctora en Econom\u00eda. Inspectora de Finanzas del Estado<\/li>\n<li>Gerardo Novales Montaner, Ingeniero Industrial y Economista<\/li>\n<li>Amparo Gonz\u00e1lez Ferrer, Doctora en Sociolog\u00eda<\/li>\n<li>Juan Antonio Fernandez Cord\u00f3n, Dem\u00f3grafo. Doctor en Econom\u00eda.<\/li>\n<li>Juan Torres L\u00f3pez, Catedr\u00e1tico de Econom\u00eda Aplicada<\/li>\n<li>Sara Ladra Alvarez, Economista<\/li>\n<li>Fernando de Miguel L\u00e1zaro, Economista<\/li>\n<li>Bibiana Medialdea Garc\u00eda. Profesora Titular de Econom\u00ed<\/li>\n<\/ul>\n<p><strong>El manifiesto completo en el siguiente enlace:<\/strong> <a href=\"https:\/\/economistasfrentealacrisis.com\/salvar-la-union-europea\/\">https:\/\/economistasfrentealacrisis.com\/salvar-la-union-europea\/<\/a><\/p>\n","protected":false},"excerpt":{"rendered":"<p>Salvar la Uni\u00f3n Europea, es el mensaje de la declaraci\u00f3n de Economistas Frente a la Crisis (EFC) ante los efectos del Covid-19 y las posiciones encontradas en el seno de la UE, especialmente con las prevenciones de Alemania y Holanda que est\u00e1n llevando a la Uni\u00f3n Europea al borde del abismo. Cuando parec\u00eda que se &#8230; <\/p>\n<p class=\"read-more-container\"><a title=\"Salvar la vida fortaleciendo el futuro\" class=\"read-more button\" href=\"http:\/\/www.economiaapiedecalle.com\/wordpress\/?p=1609#more-1609\">Continuar leyendo<span class=\"screen-reader-text\">Salvar la vida fortaleciendo el futuro<\/span><\/a><\/p>\n","protected":false},"author":2,"featured_media":0,"comment_status":"open","ping_status":"open","sticky":false,"template":"","format":"standard","meta":{"footnotes":""},"categories":[5],"tags":[],"class_list":["post-1609","post","type-post","status-publish","format-standard","hentry","category-ransparencia-presupuesto-gasto-publico"],"_links":{"self":[{"href":"http:\/\/www.economiaapiedecalle.com\/wordpress\/index.php?rest_route=\/wp\/v2\/posts\/1609","targetHints":{"allow":["GET"]}}],"collection":[{"href":"http:\/\/www.economiaapiedecalle.com\/wordpress\/index.php?rest_route=\/wp\/v2\/posts"}],"about":[{"href":"http:\/\/www.economiaapiedecalle.com\/wordpress\/index.php?rest_route=\/wp\/v2\/types\/post"}],"author":[{"embeddable":true,"href":"http:\/\/www.economiaapiedecalle.com\/wordpress\/index.php?rest_route=\/wp\/v2\/users\/2"}],"replies":[{"embeddable":true,"href":"http:\/\/www.economiaapiedecalle.com\/wordpress\/index.php?rest_route=%2Fwp%2Fv2%2Fcomments&post=1609"}],"version-history":[{"count":4,"href":"http:\/\/www.economiaapiedecalle.com\/wordpress\/index.php?rest_route=\/wp\/v2\/posts\/1609\/revisions"}],"predecessor-version":[{"id":1619,"href":"http:\/\/www.economiaapiedecalle.com\/wordpress\/index.php?rest_route=\/wp\/v2\/posts\/1609\/revisions\/1619"}],"wp:attachment":[{"href":"http:\/\/www.economiaapiedecalle.com\/wordpress\/index.php?rest_route=%2Fwp%2Fv2%2Fmedia&parent=1609"}],"wp:term":[{"taxonomy":"category","embeddable":true,"href":"http:\/\/www.economiaapiedecalle.com\/wordpress\/index.php?rest_route=%2Fwp%2Fv2%2Fcategories&post=1609"},{"taxonomy":"post_tag","embeddable":true,"href":"http:\/\/www.economiaapiedecalle.com\/wordpress\/index.php?rest_route=%2Fwp%2Fv2%2Ftags&post=1609"}],"curies":[{"name":"wp","href":"https:\/\/api.w.org\/{rel}","templated":true}]}}